{"id":345,"date":"2026-03-11T12:11:21","date_gmt":"2026-03-11T11:11:21","guid":{"rendered":"https:\/\/longpont-en-mouvement.fr\/?p=345"},"modified":"2026-03-11T12:11:21","modified_gmt":"2026-03-11T11:11:21","slug":"nos-candidats-yoann-rabia","status":"publish","type":"post","link":"https:\/\/longpont-en-mouvement.fr\/?p=345","title":{"rendered":"Nos candidats : Yoann Rabia"},"content":{"rendered":"\n<figure class=\"wp-block-image size-full\"><img decoding=\"async\" loading=\"lazy\" width=\"512\" height=\"640\" src=\"https:\/\/longpont-en-mouvement.fr\/wp-content\/uploads\/2026\/03\/YoannRABIA.jpg\" alt=\"\" class=\"wp-image-346\" srcset=\"https:\/\/longpont-en-mouvement.fr\/wp-content\/uploads\/2026\/03\/YoannRABIA.jpg 512w, https:\/\/longpont-en-mouvement.fr\/wp-content\/uploads\/2026\/03\/YoannRABIA-240x300.jpg 240w\" sizes=\"(max-width: 512px) 85vw, 512px\" \/><\/figure>\n\n\n\n<p>J\u2019ai 34 ans, je suis chef de chantier \u00e9lectricien et install\u00e9 \u00e0 Longpont-sur-Orge depuis l\u2019ann\u00e9e derni\u00e8re. Je suis pr\u00eat \u00e0 m\u2019investir pleinement pour ma nouvelle commune.<\/p>\n\n\n\n<p>\u00c0 l\u2019\u00e9coute et toujours disponible, j\u2019aime aider les autres et m\u2019engager concr\u00e8tement.<\/p>\n\n\n\n<p>Je souhaite participer activement \u00e0 la vie locale et apporter mon \u00e9nergie au service des habitants.<\/p>\n\n\n\n<p>Je soutiens Christelle Pouliquen car ses projets pour la ville me paraissent r\u00e9alistes et r\u00e9fl\u00e9chis. C\u2019est une femme dynamique, capable de prendre des d\u00e9cisions. J\u2019ai rejoint son \u00e9quipe, compos\u00e9e de profils diff\u00e9rents et compl\u00e9mentaires \u2014 une vraie force pour Longpont.<\/p>\n","protected":false},"excerpt":{"rendered":"<p>J\u2019ai 34 ans, je suis chef de chantier \u00e9lectricien et install\u00e9 \u00e0 Longpont-sur-Orge depuis l\u2019ann\u00e9e derni\u00e8re. Je suis pr\u00eat \u00e0 m\u2019investir pleinement pour ma nouvelle commune. \u00c0 l\u2019\u00e9coute et toujours disponible, j\u2019aime aider les autres et m\u2019engager concr\u00e8tement. Je souhaite participer activement \u00e0 la vie locale et apporter mon \u00e9nergie au service des habitants. Je &hellip; <a href=\"https:\/\/longpont-en-mouvement.fr\/?p=345\" class=\"more-link\">Continuer la lecture<span class=\"screen-reader-text\"> de &laquo;&nbsp;Nos candidats : Yoann Rabia&nbsp;&raquo;<\/span><\/a><\/p>\n","protected":false},"author":1,"featured_media":0,"comment_status":"closed","ping_status":"closed","sticky":false,"template":"","format":"standard","meta":[],"categories":[10],"tags":[],"_links":{"self":[{"href":"https:\/\/longpont-en-mouvement.fr\/index.php?rest_route=\/wp\/v2\/posts\/345"}],"collection":[{"href":"https:\/\/longpont-en-mouvement.fr\/index.php?rest_route=\/wp\/v2\/posts"}],"about":[{"href":"https:\/\/longpont-en-mouvement.fr\/index.php?rest_route=\/wp\/v2\/types\/post"}],"author":[{"embeddable":true,"href":"https:\/\/longpont-en-mouvement.fr\/index.php?rest_route=\/wp\/v2\/users\/1"}],"replies":[{"embeddable":true,"href":"https:\/\/longpont-en-mouvement.fr\/index.php?rest_route=%2Fwp%2Fv2%2Fcomments&post=345"}],"version-history":[{"count":1,"href":"https:\/\/longpont-en-mouvement.fr\/index.php?rest_route=\/wp\/v2\/posts\/345\/revisions"}],"predecessor-version":[{"id":347,"href":"https:\/\/longpont-en-mouvement.fr\/index.php?rest_route=\/wp\/v2\/posts\/345\/revisions\/347"}],"wp:attachment":[{"href":"https:\/\/longpont-en-mouvement.fr\/index.php?rest_route=%2Fwp%2Fv2%2Fmedia&parent=345"}],"wp:term":[{"taxonomy":"category","embeddable":true,"href":"https:\/\/longpont-en-mouvement.fr\/index.php?rest_route=%2Fwp%2Fv2%2Fcategories&post=345"},{"taxonomy":"post_tag","embeddable":true,"href":"https:\/\/longpont-en-mouvement.fr\/index.php?rest_route=%2Fwp%2Fv2%2Ftags&post=345"}],"curies":[{"name":"wp","href":"https:\/\/api.w.org\/{rel}","templated":true}]}}